{"id":16191,"date":"2023-07-26T10:00:13","date_gmt":"2023-07-26T08:00:13","guid":{"rendered":"https:\/\/altoo.io\/?p=16191"},"modified":"2026-01-27T07:47:34","modified_gmt":"2026-01-27T06:47:34","slug":"die-beziehungen-zwischen-der-schweiz-und-afrika-haben-eine-lange-geschichte","status":"publish","type":"post","link":"https:\/\/altoo.io\/de\/switzerland-and-africa-relations-with-a-long-history\/","title":{"rendered":"Die Schweiz und Afrika: Beziehungen mit einer langen Geschichte"},"content":{"rendered":"<div data-elementor-type=\"wp-post\" data-elementor-id=\"16191\" class=\"elementor elementor-16191\" data-elementor-post-type=\"post\">\n\t\t\t\t\t\t<section class=\"elementor-section elementor-top-section elementor-element elementor-element-ab03463 elementor-section-boxed elementor-section-height-default elementor-section-height-default\" data-id=\"ab03463\" data-element_type=\"section\" data-e-type=\"section\">\n\t\t\t\t\t\t<div class=\"elementor-container elementor-column-gap-default\">\n\t\t\t\t\t<div class=\"elementor-column elementor-col-100 elementor-top-column elementor-element elementor-element-0d12c78\" data-id=\"0d12c78\" data-element_type=\"column\" data-e-type=\"column\">\n\t\t\t<div class=\"elementor-widget-wrap elementor-element-populated\">\n\t\t\t\t\t\t<div class=\"elementor-element elementor-element-3ea5f0e elementor-widget elementor-widget-text-editor\" data-id=\"3ea5f0e\" data-element_type=\"widget\" data-e-type=\"widget\" data-widget_type=\"text-editor.default\">\n\t\t\t\t<div class=\"elementor-widget-container\">\n\t\t\t\t\t\t\t\t\t<h4><b>Die Anf\u00e4nge der Zusammenarbeit<\/b><\/h4><p><span style=\"font-weight: 400;\">Im Jahr 1960, also vor fast genau 60 Jahren, beschleunigten sich die politischen Entwicklungen in Afrika. Im Januar wurden die Unabh\u00e4ngigkeitsbestrebungen der Kolonien in internationalen diplomatischen Kreisen im Rahmen des \"Afrikanischen Jahres\" diskutiert. Bis Dezember 1960 hatten insgesamt 17 L\u00e4nder die Unabh\u00e4ngigkeit erlangt, die meisten von ihnen ehemalige franz\u00f6sische Kolonien in Westafrika. Die Entkolonialisierung hatte einen gro\u00dfen Einfluss auf die internationale Gemeinschaft. Im Oktober 1960 sagte der Pr\u00e4sident von Ghana, Kwame Nkrumah, in seiner Rede vor der Versammlung der Vereinten Nationen: \"Die Flut des afrikanischen Nationalismus fegt alles hinweg, was vor ihm liegt, und fordert die Kolonialm\u00e4chte f\u00fcr die jahrelangen Ungerechtigkeiten und Verbrechen heraus, die gegen unseren Kontinent begangen wurden\". In den 1950er Jahren war Afrika f\u00fcr die Schweiz weder eine wirtschaftliche noch eine politische Priorit\u00e4t. Die Schweizer Unternehmen begannen gerade erst, ihre Aktivit\u00e4ten auf dem Kontinent auszuweiten.<\/span><span style=\"font-weight: 400;\">\u00a0<\/span><\/p><h4><b>Neue Chance f\u00fcr beide Seiten<\/b><\/h4><p><span style=\"font-weight: 400;\">Doch Bern musste auf die Ereignisse von 1960 reagieren. Laut Max Petitpierre, dem ehemaligen Schweizer Aussenminister, war es dringend notwendig, die neuen Staaten diplomatisch anzuerkennen. Sacha Zala, Leiter der Forschungsstelle f\u00fcr diplomatische Dokumente der Schweiz (Dodis), erkl\u00e4rt, dass die Schweiz ihre Beziehungen zu den afrikanischen Kolonien bis anhin \u00fcber die Kanzleien in London, Paris oder Br\u00fcssel unterhalten konnte. Im Jahr 1960 musste Bern jedoch eine neue Reihe von diplomatischen Delegationen einrichten. Neben den technischen und diplomatischen Anpassungen spiegelte die Reaktion der Schweiz auch spezifische politische und wirtschaftliche Interessen wider. Yves Steiner, ein Mitarbeiter von Dodis, erkl\u00e4rt, dass die Unabh\u00e4ngigkeit der afrikanischen Staaten der Schweiz die M\u00f6glichkeit bot, sich am neuen Wettlauf um Afrika zu beteiligen.<\/span><\/p><p><span style=\"font-weight: 400;\">Die Pr\u00e4senz des diplomatischen Schutzes in diesen Regionen erh\u00f6ht die Attraktivit\u00e4t der Schweizer Wirtschaft in kommerzieller, industrieller und finanzieller Hinsicht.\u00a0<\/span><span style=\"font-weight: 400;\">\u00a0<\/span><\/p><p><img fetchpriority=\"high\" decoding=\"async\" class=\"size-full wp-image-16198 aligncenter\" src=\"https:\/\/altoo.io\/live01\/wp-content\/uploads\/2023\/07\/africa-map.jpg\" alt=\"\" width=\"768\" height=\"768\" srcset=\"https:\/\/altoo.io\/live01\/wp-content\/uploads\/2023\/07\/africa-map.jpg 768w, https:\/\/altoo.io\/live01\/wp-content\/uploads\/2023\/07\/africa-map-300x300.jpg 300w, https:\/\/altoo.io\/live01\/wp-content\/uploads\/2023\/07\/africa-map-150x150.jpg 150w, https:\/\/altoo.io\/live01\/wp-content\/uploads\/2023\/07\/africa-map-12x12.jpg 12w\" sizes=\"(max-width: 768px) 100vw, 768px\" \/><\/p><h4><b>Von der Vision zur Realit\u00e4t<\/b><\/h4><p><span style=\"font-weight: 400;\">So haben sich heute allein in S\u00fcdafrika rund 100 Schweizer Unternehmen angesiedelt und rund 50'000 Arbeitspl\u00e4tze geschaffen. Allein im letzten Jahr war S\u00fcdafrika mit einem Handelsvolumen von 4,4 Milliarden Franken der wichtigste Handelspartner der Schweiz in Afrika. S\u00fcdafrika gilt auch als Zielland, um Schweizer Unternehmen den Zugang zu grossen Infrastrukturprojekten in anderen L\u00e4ndern zu erleichtern. Grosses Interesse zeigten die Wirtschaftsvertreter auch an den Wirtschafts- und Wissenschaftsmissionen.<\/span><\/p><p><span style=\"font-weight: 400;\">Das Programm f\u00fcr wirtschaftliche Zusammenarbeit und Entwicklung des Staatssekretariats f\u00fcr Wirtschaft (SECO) hat einen starken Fokus auf S\u00fcdafrika. Mit seiner Strategie f\u00fcr 2021-2024 will das SECO eine wettbewerbsf\u00e4hige Wirtschaft mit nachhaltigem Wachstum f\u00f6rdern, einen robusten und ressourceneffizienten Privatsektor unterst\u00fctzen und die Entwicklung eines g\u00fcnstigen Umfelds f\u00fcr Unternehmen und Investitionen f\u00f6rdern.<\/span><\/p>\t\t\t\t\t\t\t\t<\/div>\n\t\t\t\t<\/div>\n\t\t\t\t\t<\/div>\n\t\t<\/div>\n\t\t\t\t\t<\/div>\n\t\t<\/section>\n\t\t\t\t<\/div>","protected":false},"excerpt":{"rendered":"<p>Die Schweiz und S\u00fcdafrika pflegen eine enge und vielseitige Beziehung. Die Schweiz betrachtet S\u00fcdafrika seit langem als strategischen Partner und als einen der wichtigsten Wirtschaftspartner auf dem afrikanischen Kontinent. Erfahren Sie, wie weit diese Beziehungen zur\u00fcckreichen und welche Bedeutung sie f\u00fcr beide Regionen haben.<\/p>","protected":false},"author":13,"featured_media":16192,"comment_status":"closed","ping_status":"closed","sticky":false,"template":"","format":"standard","meta":{"inline_featured_image":false,"cybocfi_hide_featured_image":"","two_page_speed":[],"footnotes":""},"categories":[184,62,56,55,77,86,73,65,88,85],"tags":[1151],"class_list":["post-16191","post","type-post","status-publish","format-standard","has-post-thumbnail","hentry","category-all-insights","category-analysis","category-beyond-markets","category-economic-outlook","category-emerging-industries","category-explore-by-entity","category-explore-by-topic","category-industry","category-private-wealth-owners","category-switzerland","tag-economic-history"],"_links":{"self":[{"href":"https:\/\/altoo.io\/de\/wp-json\/wp\/v2\/posts\/16191","targetHints":{"allow":["GET"]}}],"collection":[{"href":"https:\/\/altoo.io\/de\/wp-json\/wp\/v2\/posts"}],"about":[{"href":"https:\/\/altoo.io\/de\/wp-json\/wp\/v2\/types\/post"}],"author":[{"embeddable":true,"href":"https:\/\/altoo.io\/de\/wp-json\/wp\/v2\/users\/13"}],"replies":[{"embeddable":true,"href":"https:\/\/altoo.io\/de\/wp-json\/wp\/v2\/comments?post=16191"}],"version-history":[{"count":9,"href":"https:\/\/altoo.io\/de\/wp-json\/wp\/v2\/posts\/16191\/revisions"}],"predecessor-version":[{"id":16286,"href":"https:\/\/altoo.io\/de\/wp-json\/wp\/v2\/posts\/16191\/revisions\/16286"}],"wp:featuredmedia":[{"embeddable":true,"href":"https:\/\/altoo.io\/de\/wp-json\/wp\/v2\/media\/16192"}],"wp:attachment":[{"href":"https:\/\/altoo.io\/de\/wp-json\/wp\/v2\/media?parent=16191"}],"wp:term":[{"taxonomy":"category","embeddable":true,"href":"https:\/\/altoo.io\/de\/wp-json\/wp\/v2\/categories?post=16191"},{"taxonomy":"post_tag","embeddable":true,"href":"https:\/\/altoo.io\/de\/wp-json\/wp\/v2\/tags?post=16191"}],"curies":[{"name":"wp","href":"https:\/\/api.w.org\/{rel}","templated":true}]}}