{"id":15117,"date":"2023-07-17T10:00:45","date_gmt":"2023-07-17T08:00:45","guid":{"rendered":"https:\/\/altoo.io\/?p=15117"},"modified":"2023-07-14T18:17:57","modified_gmt":"2023-07-14T16:17:57","slug":"zurich-flughafen-feiert-sein-75-jahriges-jubilaum","status":"publish","type":"post","link":"https:\/\/altoo.io\/de\/zurich-airport-celebrates-its-75th-anniversary\/","title":{"rendered":"Der Flughafen Z\u00fcrich feiert sein 75-j\u00e4hriges Bestehen"},"content":{"rendered":"<div data-elementor-type=\"wp-post\" data-elementor-id=\"15117\" class=\"elementor elementor-15117\" data-elementor-post-type=\"post\">\n\t\t\t\t\t\t<section class=\"elementor-section elementor-top-section elementor-element elementor-element-e3ab5cc elementor-section-boxed elementor-section-height-default elementor-section-height-default\" data-id=\"e3ab5cc\" data-element_type=\"section\" data-e-type=\"section\">\n\t\t\t\t\t\t<div class=\"elementor-container elementor-column-gap-default\">\n\t\t\t\t\t<div class=\"elementor-column elementor-col-100 elementor-top-column elementor-element elementor-element-865c4e1\" data-id=\"865c4e1\" data-element_type=\"column\" data-e-type=\"column\">\n\t\t\t<div class=\"elementor-widget-wrap elementor-element-populated\">\n\t\t\t\t\t\t<div class=\"elementor-element elementor-element-7dc286c elementor-widget elementor-widget-text-editor\" data-id=\"7dc286c\" data-element_type=\"widget\" data-e-type=\"widget\" data-widget_type=\"text-editor.default\">\n\t\t\t\t<div class=\"elementor-widget-container\">\n\t\t\t\t\t\t\t\t\t<h4><b>Die ersten Anf\u00e4nge der Schweizer Luftfahrt\u00a0<\/b><\/h4><p><span style=\"font-weight: 400;\">In der Schweiz begann die Nutzung von Flugzeugen f\u00fcr den privaten Personenverkehr im Jahr 1919. Ein Jahr sp\u00e4ter wurde das Bundesamt f\u00fcr Luftfahrt (1903-1972) vom Bundesrat im Post- und Eisenbahndepartement gegr\u00fcndet. Seither ist der Staat f\u00fcr die Gesetzgebung und die Aufsicht \u00fcber die Luftfahrt zust\u00e4ndig. Es koordiniert Abkommen mit dem Ausland, erteilt Betriebsbewilligungen an Fluggesellschaften und Flugh\u00e4fen, erarbeitet Vorschriften zum L\u00e4rmschutz und zur Luftreinhaltung und nimmt auch finanzielle Unterst\u00fctzung von Schweizer Fluggesellschaften entgegen.<\/span><\/p><p><span style=\"font-weight: 400;\">1931 wurde die Swissair aus dem Zusammenschluss von Balair und Ad Astra Aero gegr\u00fcndet und hatte ihren Sitz in Z\u00fcrich. Nach dem Zweiten Weltkrieg erlebte die Schweizer Luftfahrt mit dem Ausbau der drei Hauptflugh\u00e4fen Z\u00fcrich, Basel-Mulhouse und Genf-Cointrin sowie der schrittweisen Erweiterung des Streckennetzes und der Flotte der Swissair einen bedeutenden Fortschritt.<\/span><\/p><h4><b>Lange Geschichte des Flughafens Z\u00fcrich\u00a0<\/b><\/h4><p><span style=\"font-weight: 400;\">1945 beschloss der Bundesrat den Bau eines eigenen Flughafens f\u00fcr die \u00f6ffentliche Luftfahrt und w\u00e4hlte Z\u00fcrich-Kloten als Standort. Nachdem die bereitzustellenden Mittel bewilligt worden waren, konnte 1946 mit dem Bau des Flughafens begonnen werden. Bereits 1948 konnten die ersten Flugzeuge starten und landen. Im Jahr 1953 wurde der Flughafen mit einem grossen Fest eingeweiht, und auch das erste Terminal wurde gebaut. Der Flughafen wurde nicht nur wegen der steigenden Passagierzahlen ausgebaut, sondern auch wegen des zunehmenden G\u00fcterverkehrs und der Notwendigkeit h\u00f6herer Sicherheitsstandards.<\/span><\/p><p><span style=\"font-weight: 400;\">Bereits 1974 wurden L\u00e4rmschutzverordnungen erlassen, da der Flugl\u00e4rm die Menschen zu st\u00f6ren begann. Aus diesem Grund wurden auch die Flugrouten ge\u00e4ndert.<\/span><\/p><p><span style=\"font-weight: 400;\">Im Jahr 2001 erlitt der Flughafen einen erheblichen Schock, als die Swissair ihre Rechnungen nicht mehr bezahlen konnte und daher nicht mehr fliegen durfte (Grounding). Daraufhin wurde die Swiss gegr\u00fcndet, die heute Teil der deutschen Fluggesellschaft Lufthansa ist.<\/span><\/p><h4><b>Einer der f\u00fchrenden Flugh\u00e4fen in Europa\u00a0<\/b><\/h4><p><span style=\"font-weight: 400;\">Der Flughafen Z\u00fcrich ist derzeit der gr\u00f6\u00dfte Flughafen der Schweiz. Mehr als 72 Fluggesellschaften verbinden Sie mit 185 internationalen Destinationen. SWISS, die gr\u00f6sste Fluggesellschaft der Schweiz, hat ihren Hauptflughafen in Z\u00fcrich und wickelt rund 50 Prozent der Fl\u00fcge ab. Mit \u00fcber 27.000 Besch\u00e4ftigten ist der Flughafen Z\u00fcrich ein wichtiger Wirtschaftsfaktor in der Region und generiert eine Wertsch\u00f6pfung von 5 Milliarden Schweizer Franken.<\/span><\/p><p><span style=\"font-weight: 400;\">Im Jahr 2022 wurde der Flughafen zum 19. Mal in Folge (seit 2004) mit dem World Travel Award in der Kategorie \"f\u00fchrender Flughafen in Europa\" ausgezeichnet. Der Flughafen Z\u00fcrich wird jedes Jahr von Millionen von Reisenden unter die 10 besten Flugh\u00e4fen der Welt gew\u00e4hlt und belegte 2017 den ersten Platz in der Kategorie \"20-30 Millionen Passagiere\". Im Vergleich zum Vorjahresmonat stieg die Zahl der Passagiere am Flughafen Z\u00fcrich im Juni 2023 um rund 20 Prozent auf 2,6 Millionen. <\/span><\/p>\t\t\t\t\t\t\t\t<\/div>\n\t\t\t\t<\/div>\n\t\t\t\t\t<\/div>\n\t\t<\/div>\n\t\t\t\t\t<\/div>\n\t\t<\/section>\n\t\t\t\t<\/div>","protected":false},"excerpt":{"rendered":"<p>Seit dem ersten Flug vor 75 Jahren hat sich der Flughafen Z\u00fcrich zu einer wichtigen Drehscheibe f\u00fcr den internationalen Verkehr in der Schweiz entwickelt. Dieses Jubil\u00e4um wird mit einem dreit\u00e4gigen Flughafenfest f\u00fcr die Bev\u00f6lkerung und alle Flughafenfans vom 1. bis 3. September 2023 gefeiert. Aus diesem Anlass werfen wir einen Blick zur\u00fcck auf 75 Jahre Flughafen Z\u00fcrich und die Geschichte der Schweizer Luftfahrt.<\/p>","protected":false},"author":13,"featured_media":15171,"comment_status":"closed","ping_status":"closed","sticky":false,"template":"","format":"standard","meta":{"inline_featured_image":false,"cybocfi_hide_featured_image":"","two_page_speed":[],"footnotes":""},"categories":[184,73,85],"tags":[257,258,256],"class_list":["post-15117","post","type-post","status-publish","format-standard","has-post-thumbnail","hentry","category-all-insights","category-explore-by-topic","category-switzerland","tag-75th-anniversary","tag-celebrates","tag-zurich-airport"],"_links":{"self":[{"href":"https:\/\/altoo.io\/de\/wp-json\/wp\/v2\/posts\/15117","targetHints":{"allow":["GET"]}}],"collection":[{"href":"https:\/\/altoo.io\/de\/wp-json\/wp\/v2\/posts"}],"about":[{"href":"https:\/\/altoo.io\/de\/wp-json\/wp\/v2\/types\/post"}],"author":[{"embeddable":true,"href":"https:\/\/altoo.io\/de\/wp-json\/wp\/v2\/users\/13"}],"replies":[{"embeddable":true,"href":"https:\/\/altoo.io\/de\/wp-json\/wp\/v2\/comments?post=15117"}],"version-history":[{"count":7,"href":"https:\/\/altoo.io\/de\/wp-json\/wp\/v2\/posts\/15117\/revisions"}],"predecessor-version":[{"id":15321,"href":"https:\/\/altoo.io\/de\/wp-json\/wp\/v2\/posts\/15117\/revisions\/15321"}],"wp:featuredmedia":[{"embeddable":true,"href":"https:\/\/altoo.io\/de\/wp-json\/wp\/v2\/media\/15171"}],"wp:attachment":[{"href":"https:\/\/altoo.io\/de\/wp-json\/wp\/v2\/media?parent=15117"}],"wp:term":[{"taxonomy":"category","embeddable":true,"href":"https:\/\/altoo.io\/de\/wp-json\/wp\/v2\/categories?post=15117"},{"taxonomy":"post_tag","embeddable":true,"href":"https:\/\/altoo.io\/de\/wp-json\/wp\/v2\/tags?post=15117"}],"curies":[{"name":"wp","href":"https:\/\/api.w.org\/{rel}","templated":true}]}}