{"id":14434,"date":"2023-07-11T10:00:55","date_gmt":"2023-07-11T08:00:55","guid":{"rendered":"https:\/\/altoo.io\/?p=14434"},"modified":"2023-07-12T08:17:45","modified_gmt":"2023-07-12T06:17:45","slug":"wie-ist-das-verhaltnis-der-schweiz-zur-eu","status":"publish","type":"post","link":"https:\/\/altoo.io\/de\/what-is-switzerlands-relationship-with-the-eu\/","title":{"rendered":"Wie ist das Verh\u00e4ltnis der Schweiz zur EU?"},"content":{"rendered":"<div data-elementor-type=\"wp-post\" data-elementor-id=\"14434\" class=\"elementor elementor-14434\" data-elementor-post-type=\"post\">\n\t\t\t\t\t\t<section class=\"elementor-section elementor-top-section elementor-element elementor-element-0339735 elementor-section-boxed elementor-section-height-default elementor-section-height-default\" data-id=\"0339735\" data-element_type=\"section\" data-e-type=\"section\">\n\t\t\t\t\t\t<div class=\"elementor-container elementor-column-gap-default\">\n\t\t\t\t\t<div class=\"elementor-column elementor-col-100 elementor-top-column elementor-element elementor-element-a622ca5\" data-id=\"a622ca5\" data-element_type=\"column\" data-e-type=\"column\">\n\t\t\t<div class=\"elementor-widget-wrap elementor-element-populated\">\n\t\t\t\t\t\t<div class=\"elementor-element elementor-element-37233bb elementor-widget elementor-widget-text-editor\" data-id=\"37233bb\" data-element_type=\"widget\" data-e-type=\"widget\" data-widget_type=\"text-editor.default\">\n\t\t\t\t<div class=\"elementor-widget-container\">\n\t\t\t\t\t\t\t\t\t<h4><b>Bilaterale Abkommen als Grundlage der Beziehungen<\/b><\/h4><p><span style=\"font-weight: 400;\">Im Jahr 1999 unterzeichnete die Schweiz sieben bilaterale Abkommen mit der Europ\u00e4ischen Union (EU). Im Jahr 2000 wurden sie von den Schweizerinnen und Schweizern in einer Volksabstimmung mit 67,2 %-Stimmen angenommen. Die EU und die Schweiz unterliegen gemeinsamen Regeln in den Bereichen Freiz\u00fcgigkeit, Landverkehr, Luftverkehr, technische Handelshemmnisse, \u00f6ffentliches Auftragswesen, Forschung und Landwirtschaft.<\/span><span style=\"font-weight: 400;\"><br \/><\/span><\/p><p><span style=\"font-weight: 400;\">Die sieben Abkommen sind rechtlich durch die Guillotine-Klausel miteinander verbunden. Das bedeutet, dass bei K\u00fcndigung eines sektoralen Abkommens durch eine Vertragspartei nach sechs Monaten automatisch das gesamte Paket der sieben Abkommen au\u00dfer Kraft tritt. Die Beziehungen zwischen der Schweiz und der EU beruhen auf den sogenannten \"Bilateralen I\".<\/span><\/p><h4><b>Die Stimmung k\u00fchlt sich ab<\/b><\/h4><p><span style=\"font-weight: 400;\">Die Schweiz ist nicht Teil der Europ\u00e4ischen Union und will es auch nicht werden. Seit rund zwei Jahrzehnten pflegt die Schweiz ihre Beziehungen zur EU \u00fcber bilaterale Abkommen. Und sie m\u00f6chte diese bilaterale Strategie fortsetzen. Die EU war negativ \u00fcberrascht, als die Schweizer Regierung die Verhandlungen \u00fcber ein institutionelles Rahmenabkommen mit der EU im Mai 2021 beendete. Solange die institutionellen Probleme nicht gel\u00f6st sind, will sie keine neuen Abkommen unterzeichnen. Zudem wurde die Schweiz von der Liste der Teilnehmerl\u00e4nder des Forschungsprogramms Horizon Europe gestrichen. Larissa Rhyn, Bundeshauskorrespondentin von SRF, erkl\u00e4rt, dass dies der EU die M\u00f6glichkeit gibt, Neuverhandlungen anzuregen.<\/span><\/p><h4><b>Ausblick auf die Zukunft<\/b><\/h4><p><span style=\"font-weight: 400;\">Wie geht es nun weiter? \"Die EU w\u00fcrde gerne bald ein verbindliches Abkommen haben\", sagt Rhyn. Immerhin wechselt 2024 die Pr\u00e4sidentschaft der EU-Kommission. Wenn bis dahin nicht alles unter Dach und Fach ist, m\u00fcssten die pers\u00f6nlichen Kontakte zwischen den Verhandlungspartnern neu gekn\u00fcpft werden, was den Prozess verlangsamen oder eine Einigung erschweren k\u00f6nnte.<\/span><\/p><p><span style=\"font-weight: 400;\">Die Schweiz hingegen wird wohl eher auf die Bremse treten. \"In der Schweiz hat man das Gef\u00fchl, dass einige Parteien das Ganze lieber noch etwas hinausz\u00f6gern wollen, weil im Oktober 2023 Wahlen anstehen und das Thema Europa f\u00fcr viele ein sehr sensibles ist\", sagt Rhyn. Die Beziehungen zwischen der Schweiz und der EU sind also wie immer schleichend.<\/span><\/p>\t\t\t\t\t\t\t\t<\/div>\n\t\t\t\t<\/div>\n\t\t\t\t\t<\/div>\n\t\t<\/div>\n\t\t\t\t\t<\/div>\n\t\t<\/section>\n\t\t\t\t<\/div>","protected":false},"excerpt":{"rendered":"<p>Auch wenn die Schweiz kein Mitglied der EU ist, pflegt sie enge Beziehungen zu der Union. Mehr als 20 Grund- und 100 weitere Abkommen bestimmen dieses bilaterale Verh\u00e4ltnis. In den letzten Jahren haben sich diese Beziehungen jedoch nur sehr langsam weiterentwickelt. Woran liegt das und wie ist das Verh\u00e4ltnis zwischen den beiden Parteien?<\/p>","protected":false},"author":13,"featured_media":14436,"comment_status":"closed","ping_status":"closed","sticky":false,"template":"","format":"standard","meta":{"inline_featured_image":false,"cybocfi_hide_featured_image":"","two_page_speed":[],"footnotes":""},"categories":[184,56,85],"tags":[211,205],"class_list":["post-14434","post","type-post","status-publish","format-standard","has-post-thumbnail","hentry","category-all-insights","category-beyond-markets","category-switzerland","tag-eu","tag-switzerland"],"_links":{"self":[{"href":"https:\/\/altoo.io\/de\/wp-json\/wp\/v2\/posts\/14434","targetHints":{"allow":["GET"]}}],"collection":[{"href":"https:\/\/altoo.io\/de\/wp-json\/wp\/v2\/posts"}],"about":[{"href":"https:\/\/altoo.io\/de\/wp-json\/wp\/v2\/types\/post"}],"author":[{"embeddable":true,"href":"https:\/\/altoo.io\/de\/wp-json\/wp\/v2\/users\/13"}],"replies":[{"embeddable":true,"href":"https:\/\/altoo.io\/de\/wp-json\/wp\/v2\/comments?post=14434"}],"version-history":[{"count":8,"href":"https:\/\/altoo.io\/de\/wp-json\/wp\/v2\/posts\/14434\/revisions"}],"predecessor-version":[{"id":14569,"href":"https:\/\/altoo.io\/de\/wp-json\/wp\/v2\/posts\/14434\/revisions\/14569"}],"wp:featuredmedia":[{"embeddable":true,"href":"https:\/\/altoo.io\/de\/wp-json\/wp\/v2\/media\/14436"}],"wp:attachment":[{"href":"https:\/\/altoo.io\/de\/wp-json\/wp\/v2\/media?parent=14434"}],"wp:term":[{"taxonomy":"category","embeddable":true,"href":"https:\/\/altoo.io\/de\/wp-json\/wp\/v2\/categories?post=14434"},{"taxonomy":"post_tag","embeddable":true,"href":"https:\/\/altoo.io\/de\/wp-json\/wp\/v2\/tags?post=14434"}],"curies":[{"name":"wp","href":"https:\/\/api.w.org\/{rel}","templated":true}]}}