{"id":13730,"date":"2023-07-06T10:00:28","date_gmt":"2023-07-06T08:00:28","guid":{"rendered":"https:\/\/altoo.io\/?p=13730"},"modified":"2023-07-05T10:09:31","modified_gmt":"2023-07-05T08:09:31","slug":"was-wir-uber-alain-berset-und-seine-entscheidung-zuruckzutreten-wissen","status":"publish","type":"post","link":"https:\/\/altoo.io\/de\/what-we-know-about-alain-berset-and-his-decision-to-step-down\/","title":{"rendered":"Was wir \u00fcber Alain Berset und seine Entscheidung zum R\u00fccktritt wissen"},"content":{"rendered":"<div data-elementor-type=\"wp-post\" data-elementor-id=\"13730\" class=\"elementor elementor-13730\" data-elementor-post-type=\"post\">\n\t\t\t\t\t\t<section class=\"elementor-section elementor-top-section elementor-element elementor-element-dfc7ff9 elementor-section-boxed elementor-section-height-default elementor-section-height-default\" data-id=\"dfc7ff9\" data-element_type=\"section\" data-e-type=\"section\">\n\t\t\t\t\t\t<div class=\"elementor-container elementor-column-gap-default\">\n\t\t\t\t\t<div class=\"elementor-column elementor-col-100 elementor-top-column elementor-element elementor-element-96f17ab\" data-id=\"96f17ab\" data-element_type=\"column\" data-e-type=\"column\">\n\t\t\t<div class=\"elementor-widget-wrap elementor-element-populated\">\n\t\t\t\t\t\t<div class=\"elementor-element elementor-element-e12f0a1 elementor-widget elementor-widget-text-editor\" data-id=\"e12f0a1\" data-element_type=\"widget\" data-e-type=\"widget\" data-widget_type=\"text-editor.default\">\n\t\t\t\t<div class=\"elementor-widget-container\">\n\t\t\t\t\t\t\t\t\t<p><span style=\"font-weight: 400\">\"Ich trete nicht zur\u00fcck, sondern k\u00fcndige nur an, dass ich nach dem Ende der laufenden Legislaturperiode nicht mehr kandidieren werde\", sagte Berset gegen\u00fcber Reuters und bezog sich damit auf die Schweizer Wahlen im Oktober 2023. Berset ist auch das dienst\u00e4lteste Mitglied des Bundesrates. Wenn jemand \"mehr als 12 Jahre\" in der Regierung bliebe, w\u00e4re das zu lang und er k\u00f6nnte anfangen, sich als unersetzlich zu betrachten, sagte er.<\/span><span style=\"font-weight: 400\"><br><\/span><\/p>\n<h4><b>Anf\u00e4nge&nbsp;<\/b><\/h4>\n<p><span style=\"font-weight: 400\">Alain Berset schloss sein Studium der Politik- und Wirtschaftswissenschaften an der Universit\u00e4t Neuenburg 1996 ab und promovierte dort 2005. W\u00e4hrend seiner Dissertation arbeitete er als Assistent am Forschungsinstitut f\u00fcr regionale Wirtschaftsentwicklung der Universit\u00e4t Neuenburg. Bevor er eine Stelle als strategischer Berater im Volkswirtschaftsdepartement des Kantons Neuenburg antrat, arbeitete er zun\u00e4chst als Gastwissenschaftler am Hamburgischen Weltwirtschaftsinstitut. Im Jahr 2006 gr\u00fcndete er sein eigenes Unternehmen und ist heute als unabh\u00e4ngiger Strategie- und Kommunikationsexperte f\u00fcr Verb\u00e4nde, Unternehmen und Non-Profit-Organisationen t\u00e4tig.<\/span><\/p>\n<p><img fetchpriority=\"high\" decoding=\"async\" class=\"aligncenter wp-image-13737 size-full\" src=\"https:\/\/altoo.io\/live01\/wp-content\/uploads\/2023\/07\/alain-berset-text.jpg\" alt=\"\" width=\"768\" height=\"576\" srcset=\"https:\/\/altoo.io\/live01\/wp-content\/uploads\/2023\/07\/alain-berset-text.jpg 768w, https:\/\/altoo.io\/live01\/wp-content\/uploads\/2023\/07\/alain-berset-text-300x225.jpg 300w, https:\/\/altoo.io\/live01\/wp-content\/uploads\/2023\/07\/alain-berset-text-16x12.jpg 16w\" sizes=\"(max-width: 768px) 100vw, 768px\" \/><\/p>\n<h4><b>Politische Aktivit\u00e4ten&nbsp;<\/b><\/h4>\n<p><span style=\"font-weight: 400\">Im Jahr 2003 wurde Berset in den St\u00e4nderat des Kantons Freiburg gew\u00e4hlt und war 2008\/2009 dessen Pr\u00e4sident. Von 2005 bis zu seiner Wahl in den Bundesrat hatte er das Amt des Vizepr\u00e4sidenten der Sozialdemokratischen Fraktion inne. Er war Mitglied verschiedener parlamentarischer Kommissionen, darunter die Finanzkommission, die Wirtschafts- und Steuerkommission, die Rechtskommission und die Finanzdelegation. Er pr\u00e4sidierte den Ausschuss f\u00fcr politische Institutionen, die Delegation in der Assembl\u00e9e parlementaire de la Francophonie und das Ratsb\u00fcro. Neben seinen politischen \u00c4mtern war Alain Berset auch Pr\u00e4sident des Schweizerischen Mieterinnen- und Mieterverbands - Sektion Westschweiz, des Schweizerischen Vereins zur F\u00f6rderung von AOC\/IGP und der Stiftung Les Buissonnets f\u00fcr Kinder und Erwachsene mit Behinderung. Als Vorsteher des Eidgen\u00f6ssischen Departements des Innern (EDI) ist er f\u00fcr die Gesundheitspolitik und die Altersvorsorge zust\u00e4ndig. Beide Bereiche werden als endlose Baustellen gesehen, auf denen kaum Verbesserungen m\u00f6glich sind. Eine schmerzliche Niederlage erlebt Berset im September 2017, als er mit der \"Altersvorsorge 2020\", auch als die AHV-Reform bezeichnet, klar scheitert.&nbsp;<\/span><\/p>\n<p><span style=\"font-weight: 400\">F\u00fcnf Jahre sp\u00e4ter schafft er eine deutliche Verbesserung der AHV-Reform. Das Rentenalter der Frauen soll nach dem Ja der Mehrheit der Stimmenden ab 2024 schrittweise auf 65 Jahre steigen. Zudem wird auch die Mehrwertsteuer f\u00fcr die AHV erh\u00f6ht.<\/span><\/p>\n<h4><b>Das Ende einer \u00c4ra&nbsp;<\/b><\/h4>\n<p><span style=\"font-weight: 400\">Er wurde am 14. Dezember 2011 von der Vereinigten Bundesversammlung zum Bundesrat ernannt. Seit dem ersten Tag des Jahres 2012 ist er Vorsteher des Eidgen\u00f6ssischen Departements des Innern. Am 6. Dezember 2017 wurde er zum Bundespr\u00e4sidenten der Schweizerischen Eidgenossenschaft f\u00fcr das Jahr 2018 gew\u00e4hlt. Am 7. Dezember 2022 wurde er als Bundespr\u00e4sident f\u00fcr das Jahr 2023 wiedergew\u00e4hlt. Im Juni erkl\u00e4rte Berset an einer Pressekonferenz in Bern, die Parlamentswahlen im Oktober seien kein R\u00fccktritt, sondern eine Ank\u00fcndigung, dass er nach der laufenden Legislaturperiode nicht mehr kandidieren werde.<\/span><\/p>\n<p><span style=\"font-weight: 400\">Berset, das derzeit dienst\u00e4lteste Mitglied des Bundesrates, brachte zum Ausdruck, dass eine Mitgliedschaft von mehr als 12 Jahren als unersetzlich angesehen w\u00fcrde, wenn sie zu lange andauern w\u00fcrde.<\/span><\/p>\n<p><span style=\"font-weight: 400\">In Umfragen wird Berset oft als einer der beliebtesten Magistraten eingestuft. Mit seiner Nonchalance und seiner globalen Sichtweise punktet er in der hektischen Schweizer Politikszene. Was seine Pl\u00e4ne nach seinem R\u00fccktritt betrifft, h\u00e4lt sich Berset eher bedeckt. <\/span><\/p>\t\t\t\t\t\t\t\t<\/div>\n\t\t\t\t<\/div>\n\t\t\t\t\t<\/div>\n\t\t<\/div>\n\t\t\t\t\t<\/div>\n\t\t<\/section>\n\t\t\t\t<\/div>","protected":false},"excerpt":{"rendered":"<p>Nun ist es offiziell. Ende des Jahres wird Alain Berset als Innenminister und Pr\u00e4sident der Schweiz zur\u00fccktreten. Dieser unerwartete Schritt kommt nach mehr als einem Jahrzehnt in verschiedenen Regierungs\u00e4mtern. Das Pr\u00e4sidentenamt ist in der Schweiz ein Rotationsamt, bei dem die Mitglieder der lokalen Regierung, des siebenk\u00f6pfigen Bundesrats, dem Berset seit 2012 angeh\u00f6rt, jedes Jahr ein- und aussteigen.<\/p>","protected":false},"author":13,"featured_media":13731,"comment_status":"closed","ping_status":"closed","sticky":false,"template":"","format":"standard","meta":{"inline_featured_image":false,"cybocfi_hide_featured_image":"","two_page_speed":[],"footnotes":""},"categories":[184,56,73,85],"tags":[],"class_list":["post-13730","post","type-post","status-publish","format-standard","has-post-thumbnail","hentry","category-all-insights","category-beyond-markets","category-explore-by-topic","category-switzerland"],"_links":{"self":[{"href":"https:\/\/altoo.io\/de\/wp-json\/wp\/v2\/posts\/13730","targetHints":{"allow":["GET"]}}],"collection":[{"href":"https:\/\/altoo.io\/de\/wp-json\/wp\/v2\/posts"}],"about":[{"href":"https:\/\/altoo.io\/de\/wp-json\/wp\/v2\/types\/post"}],"author":[{"embeddable":true,"href":"https:\/\/altoo.io\/de\/wp-json\/wp\/v2\/users\/13"}],"replies":[{"embeddable":true,"href":"https:\/\/altoo.io\/de\/wp-json\/wp\/v2\/comments?post=13730"}],"version-history":[{"count":18,"href":"https:\/\/altoo.io\/de\/wp-json\/wp\/v2\/posts\/13730\/revisions"}],"predecessor-version":[{"id":13874,"href":"https:\/\/altoo.io\/de\/wp-json\/wp\/v2\/posts\/13730\/revisions\/13874"}],"wp:featuredmedia":[{"embeddable":true,"href":"https:\/\/altoo.io\/de\/wp-json\/wp\/v2\/media\/13731"}],"wp:attachment":[{"href":"https:\/\/altoo.io\/de\/wp-json\/wp\/v2\/media?parent=13730"}],"wp:term":[{"taxonomy":"category","embeddable":true,"href":"https:\/\/altoo.io\/de\/wp-json\/wp\/v2\/categories?post=13730"},{"taxonomy":"post_tag","embeddable":true,"href":"https:\/\/altoo.io\/de\/wp-json\/wp\/v2\/tags?post=13730"}],"curies":[{"name":"wp","href":"https:\/\/api.w.org\/{rel}","templated":true}]}}