{"id":13458,"date":"2023-07-04T10:00:01","date_gmt":"2023-07-04T08:00:01","guid":{"rendered":"https:\/\/altoo.io\/?p=13458"},"modified":"2023-11-26T13:59:31","modified_gmt":"2023-11-26T12:59:31","slug":"die-ecb-feiert-25-jahriges-jubilaum","status":"publish","type":"post","link":"https:\/\/altoo.io\/de\/the-ecb-celebrates-25-years\/","title":{"rendered":"Die EZB feiert ihr 25-j\u00e4hriges Bestehen"},"content":{"rendered":"<div data-elementor-type=\"wp-post\" data-elementor-id=\"13458\" class=\"elementor elementor-13458\" data-elementor-post-type=\"post\">\n\t\t\t\t\t\t<section class=\"elementor-section elementor-top-section elementor-element elementor-element-891b4de elementor-section-boxed elementor-section-height-default elementor-section-height-default\" data-id=\"891b4de\" data-element_type=\"section\" data-e-type=\"section\">\n\t\t\t\t\t\t<div class=\"elementor-container elementor-column-gap-default\">\n\t\t\t\t\t<div class=\"elementor-column elementor-col-100 elementor-top-column elementor-element elementor-element-fa8f0ec\" data-id=\"fa8f0ec\" data-element_type=\"column\" data-e-type=\"column\">\n\t\t\t<div class=\"elementor-widget-wrap elementor-element-populated\">\n\t\t\t\t\t\t<div class=\"elementor-element elementor-element-7904bcd elementor-widget elementor-widget-text-editor\" data-id=\"7904bcd\" data-element_type=\"widget\" data-e-type=\"widget\" data-widget_type=\"text-editor.default\">\n\t\t\t\t<div class=\"elementor-widget-container\">\n\t\t\t\t\t\t\t\t\t<h4><b>Einf\u00fchrung des Euro<\/b><\/h4><p><span style=\"font-weight: 400;\">\"Hier kommt der Euro\": Mit diesen Worten begr\u00fc\u00dfte Wim Duisenberg, der erste Pr\u00e4sident der Europ\u00e4ischen Zentralbank (EZB), vor rund 25 Jahren die neue europ\u00e4ische Einheitsw\u00e4hrung. Der Niederl\u00e4nder nahm eine l\u00e4ssige und unorthodoxe Haltung ein. Auf diese Weise steigerte er rasch die Akzeptanz der neuen W\u00e4hrung, auch wenn er sp\u00e4ter zugab, dass der Euro damals eigentlich ein \"Teuro\" war. (Anmerkung: Der Begriff \"Teuro\", abgeleitet vom Euro und dem deutschen Wort f\u00fcr \"teuer\", wurde geschaffen, um die hohen Transaktionskosten des Euro zu beschreiben).<\/span><span style=\"font-weight: 400;\"><br \/><\/span><span style=\"font-weight: 400;\">Die Weltwirtschaft und das Bankensystem blieben jedoch relativ stabil. So konnte sich die Europ\u00e4ische Zentralbank (EZB) auf ihre Hauptaufgabe, die Preisstabilit\u00e4t, konzentrieren und sich in der weltweiten Landschaft der Zentralbanken gelassen bewegen.<\/span><\/p><p><span style=\"font-weight: 400;\">Offiziell nahm die EZB ihre Arbeit am 1. Juni 1998 auf, und mit der Einf\u00fchrung der europ\u00e4ischen W\u00e4hrung Euro am 1. Januar 1999 wurde sie erstmals auf die Probe gestellt. Unter Wim Duisenberg und seinem franz\u00f6sischen Nachfolger Jean-Claude Trichet, die gerne betonten: \"Es gibt nur eine Nadel in unserem Kompass, und das ist die Preisstabilit\u00e4t\", konzentrierten sich die ersten Jahre auf die Gew\u00e4hrleistung stabiler Preise. Sie waren erfolgreich, und w\u00e4hrend ihrer Amtszeit bewegte sich die Inflation um 2%. Ein Fehler wurde 2011 begangen, als die EZB die Zinss\u00e4tze in zwei aufeinanderfolgenden Quartalen anhob und Trichets Codewort \"starke Wachsamkeit\" verwendete, um vor bevorstehenden Erh\u00f6hungen zu warnen, nur um sie sp\u00e4ter im selben Jahr zu senken, als sich die Wirtschaft verschlechterte.<\/span><\/p><h4><b>Mario Draghi und die Verbreitung von Anleihen<\/b><\/h4><p><span style=\"font-weight: 400;\">Der damalige Gouverneur der italienischen Zentralbank, Mario Draghi, der sp\u00e4ter die \"Forward Guidance\" in die EZB-Politik einf\u00fchrte, hatte sich 2011 nicht gegen die Anhebungen ausgesprochen. Die hochrangigen R\u00fccktritte erfolgten im selben Jahr, in dem die Spannungen \u00fcber die Behandlung notleidender Schuldnerl\u00e4nder der Eurozone durch die EZB aufflammten. Es folgte die Krise der Eurozone, die mit voller Wucht ausbrach. Die Spreads auf Anleihen von Peripheriel\u00e4ndern explodierten und ersch\u00fctterten so die Eurozone.\u00a0<\/span><\/p><h4><b>Krisenmanagement mit Christine Lagarde<\/b><\/h4><p><span style=\"font-weight: 400;\">Als die Franz\u00f6sin Christine Lagarde 2020 ihr Amt als derzeitige Pr\u00e4sidentin antrat, \u00fcbernahm sie das Ruder der EZB inmitten der Corona-Pandemie, einer Zeit, die stark vom Krisenmanagement gepr\u00e4gt war. So wurde der Pandemie-Notkaufplan (PEPP) geboren, um die Kreditkosten zu senken und die Kreditvergabe in der Eurozone anzukurbeln. Nach einem langsamen Start hat Lagarde nun die Harmonie zwischen den Mitgliedern des EZB-Rates wiederhergestellt und steht nun an der Spitze der Bem\u00fchungen zur Kontrolle der Inflation. Lagardes EZB hat diesen Kampf bisher gef\u00fchrt, ohne die Eurozone in eine Rezession zu st\u00fcrzen.<\/span><\/p><h4><b>Herausforderungen f\u00fcr die Zukunft\u00a0<\/b><\/h4><p><span style=\"font-weight: 400;\">Die Mitglieder des Direktoriums der EZB sind sich der Schwierigkeiten bewusst, die mit der Durchf\u00fchrung der Geldpolitik in einer unsicheren Wirtschaftslage verbunden sind. Isabel Schnabel, Mitglied des Direktoriums, betonte, dass die Geldpolitik nicht ausreicht, um strukturelle Probleme zu l\u00f6sen oder das volle Potenzial der Wirtschaft freizusetzen. Sie sagte auch, dass strukturelle Reformen notwendig sind, um die Produktivit\u00e4t zu steigern und die Widerstandsf\u00e4higkeit der Wirtschaft zu st\u00e4rken. Laut Schnabel k\u00f6nnten weitere Ver\u00e4nderungen die derzeitige Wirtschaftslage beeinflussen. Dazu geh\u00f6rt unter anderem die rasche Verbreitung von KI, die zu einer Steigerung der Produktivit\u00e4t am Arbeitsplatz f\u00fchren k\u00f6nnte. Die Inflationsrate wird auch durch den demografischen Wandel und die wachsende Nachfrage nach erneuerbaren Energien beeinflusst. Die Aufgabe und Herausforderung der EZB besteht jedoch auch hier darin, diese Inflation unter Kontrolle zu halten, damit keine au\u00dfergew\u00f6hnlichen Schwankungen den Markt ersch\u00fcttern. <\/span><\/p>\t\t\t\t\t\t\t\t<\/div>\n\t\t\t\t<\/div>\n\t\t\t\t\t<\/div>\n\t\t<\/div>\n\t\t\t\t\t<\/div>\n\t\t<\/section>\n\t\t\t\t<\/div>","protected":false},"excerpt":{"rendered":"<p>Die Europ\u00e4ische Zentralbank (EZB), die bei weitem j\u00fcngste der gro\u00dfen Zentralbanken der Welt und die einzige ohne eine Bundesregierung im R\u00fccken, hat die Krise in der Eurozone, die die Existenz der von ihr gest\u00fctzten W\u00e4hrung bedrohte, erfolgreich \u00fcberstanden und ist mit einem gest\u00e4rkten Ruf hervorgegangen, der dazu beigetragen hat, den Zusammenhalt und die Integrit\u00e4t der europ\u00e4ischen Einheitsw\u00e4hrung zu st\u00e4rken.<\/p>","protected":false},"author":13,"featured_media":13463,"comment_status":"closed","ping_status":"closed","sticky":false,"template":"","format":"standard","meta":{"inline_featured_image":false,"cybocfi_hide_featured_image":"","two_page_speed":[],"footnotes":""},"categories":[184,56],"tags":[136,191],"class_list":["post-13458","post","type-post","status-publish","format-standard","has-post-thumbnail","hentry","category-all-insights","category-beyond-markets","tag-digital-euro","tag-euro"],"_links":{"self":[{"href":"https:\/\/altoo.io\/de\/wp-json\/wp\/v2\/posts\/13458","targetHints":{"allow":["GET"]}}],"collection":[{"href":"https:\/\/altoo.io\/de\/wp-json\/wp\/v2\/posts"}],"about":[{"href":"https:\/\/altoo.io\/de\/wp-json\/wp\/v2\/types\/post"}],"author":[{"embeddable":true,"href":"https:\/\/altoo.io\/de\/wp-json\/wp\/v2\/users\/13"}],"replies":[{"embeddable":true,"href":"https:\/\/altoo.io\/de\/wp-json\/wp\/v2\/comments?post=13458"}],"version-history":[{"count":6,"href":"https:\/\/altoo.io\/de\/wp-json\/wp\/v2\/posts\/13458\/revisions"}],"predecessor-version":[{"id":13555,"href":"https:\/\/altoo.io\/de\/wp-json\/wp\/v2\/posts\/13458\/revisions\/13555"}],"wp:featuredmedia":[{"embeddable":true,"href":"https:\/\/altoo.io\/de\/wp-json\/wp\/v2\/media\/13463"}],"wp:attachment":[{"href":"https:\/\/altoo.io\/de\/wp-json\/wp\/v2\/media?parent=13458"}],"wp:term":[{"taxonomy":"category","embeddable":true,"href":"https:\/\/altoo.io\/de\/wp-json\/wp\/v2\/categories?post=13458"},{"taxonomy":"post_tag","embeddable":true,"href":"https:\/\/altoo.io\/de\/wp-json\/wp\/v2\/tags?post=13458"}],"curies":[{"name":"wp","href":"https:\/\/api.w.org\/{rel}","templated":true}]}}