{"id":10471,"date":"2023-06-13T18:29:51","date_gmt":"2023-06-13T18:29:51","guid":{"rendered":"https:\/\/staging.altoo.io\/?p=10471"},"modified":"2023-07-13T18:27:01","modified_gmt":"2023-07-13T16:27:01","slug":"was-zu-wissen-uber-die-spanische-eu-prasidentschaft-ab-juli-2023","status":"publish","type":"post","link":"https:\/\/altoo.io\/de\/what-to-know-about-the-spanish-eu-presidency-starting-july-2023\/","title":{"rendered":"Was man \u00fcber die spanische EU-Ratspr\u00e4sidentschaft ab Juli 2023 wissen sollte"},"content":{"rendered":"<div class=\"editor\">\n<h3>Madrid bereitet sich darauf vor, am 1. Juli 2023 die rotierende Pr\u00e4sidentschaft der Europ\u00e4ischen Union zu \u00fcbernehmen. Wir werfen einen Blick auf die wichtigsten Fakten.<\/h3>\n<p>Spanien wird im Juli die EU-Ratspr\u00e4sidentschaft \u00fcbernehmen und hat nun sein Programm zusammen mit dem von Belgien und Ungarn vorgestellt. Im Rahmen des \"Trios der Pr\u00e4sidentschaften\" wurde ein 18-monatiges Arbeitsprogramm erstellt. Diego L\u00f3pez Garrido, der spanische Staatssekret\u00e4r f\u00fcr EU-Angelegenheiten, betonte au\u00dferdem, dass die spanische Pr\u00e4sidentschaft vier Hauptpriorit\u00e4ten haben wird.<\/p>\n<h3>Die Wirtschaft<\/h3>\n<p>Infolge der geopolitischen Spannungen und der wirtschaftlichen Ungewissheit zeichnen sich neue Strategien f\u00fcr st\u00e4rker regional ausgerichtete Wirtschaftsmodelle ab. Aus diesem Grund ist eines der ersten Ziele Spaniens, sich auf die Wirtschaft zu konzentrieren. Diese Konzentration auf die Wirtschaft wird sich haupts\u00e4chlich auf die Wiederbelebung der Wirtschaft und die Schaffung neuer Arbeitspl\u00e4tze beziehen. Dies kann jedoch auch intern motiviert sein, da Spanien mit 19,3% die zweith\u00f6chste Arbeitslosenquote in der EU hat, was sicherlich ein Faktor bei der Festlegung dieses Schwerpunkts war.<\/p>\n<h3>Der Vertrag von Lissabon<\/h3>\n<p>Der zweite Schwerpunkt war die Umsetzung des Vertrags von Lissabon. Ziel ist es, die B\u00fcrgerinnen und B\u00fcrger mit den neuen Instrumenten, wie der B\u00fcrgerinitiative, vertraut zu machen, damit sie diese zu ihrem Vorteil nutzen k\u00f6nnen.<\/p>\n<h3>EU und B\u00fcrger miteinander verbinden<\/h3>\n<p>Ziel der Pr\u00e4sidentschaft ist es auch, die Menschen mit der Europ\u00e4ischen Union in Kontakt zu bringen, um die Kluft zwischen Europa und seinen B\u00fcrgern zu schlie\u00dfen. Es sollte mehr Kommunikation auf beiden Seiten stattfinden, damit sich beide Seiten auf Augenh\u00f6he begegnen k\u00f6nnen und die EU nicht als etwas Unerreichbares angesehen wird.<\/p>\n<h3>Antidiskriminierung<\/h3>\n<p>Spanien beabsichtigt auch, eine Antidiskriminierungsrichtlinie zu unterst\u00fctzen, wobei der Schwerpunkt auf der Bek\u00e4mpfung von Gewalt gegen Frauen liegt.<br \/>\nEnde Mai gab es in Spanien bei den Regional- und Kommunalwahlen einen Rechtsruck. Die Spanische Volkspartei erhielt landesweit mehr als 31% der Stimmen, was einem Zuwachs von mehr als neun Prozentpunkten gegen\u00fcber der vorherigen Wahl entspricht. Ob sich dies auf Spaniens Programm im EU-Rat auswirken wird, bleibt abzuwarten.<\/p>\n<p>Bis Spanien am 1. Juli die EU-Ratspr\u00e4sidentschaft \u00fcbernimmt, wird diese von Schweden wahrgenommen.<\/p>\n<\/div>","protected":false},"excerpt":{"rendered":"<p>As Madrid prepares to take over the rotating presidency of the European Union on 1 July 2023, we look at the key facts. Spain will take over the presidency of the EU this July, and now its program has been unveiled, along with those of Belgium and Hungary. An 18-month work programme has been drawn [&hellip;]<\/p>\n","protected":false},"author":14,"featured_media":10486,"comment_status":"closed","ping_status":"closed","sticky":false,"template":"","format":"standard","meta":{"inline_featured_image":false,"cybocfi_hide_featured_image":"","two_page_speed":[],"footnotes":""},"categories":[56,184,55,61],"tags":[],"class_list":["post-10471","post","type-post","status-publish","format-standard","has-post-thumbnail","hentry","category-beyond-markets","category-all-insights","category-economic-outlook","category-key-dates"],"_links":{"self":[{"href":"https:\/\/altoo.io\/de\/wp-json\/wp\/v2\/posts\/10471","targetHints":{"allow":["GET"]}}],"collection":[{"href":"https:\/\/altoo.io\/de\/wp-json\/wp\/v2\/posts"}],"about":[{"href":"https:\/\/altoo.io\/de\/wp-json\/wp\/v2\/types\/post"}],"author":[{"embeddable":true,"href":"https:\/\/altoo.io\/de\/wp-json\/wp\/v2\/users\/14"}],"replies":[{"embeddable":true,"href":"https:\/\/altoo.io\/de\/wp-json\/wp\/v2\/comments?post=10471"}],"version-history":[{"count":9,"href":"https:\/\/altoo.io\/de\/wp-json\/wp\/v2\/posts\/10471\/revisions"}],"predecessor-version":[{"id":14734,"href":"https:\/\/altoo.io\/de\/wp-json\/wp\/v2\/posts\/10471\/revisions\/14734"}],"wp:featuredmedia":[{"embeddable":true,"href":"https:\/\/altoo.io\/de\/wp-json\/wp\/v2\/media\/10486"}],"wp:attachment":[{"href":"https:\/\/altoo.io\/de\/wp-json\/wp\/v2\/media?parent=10471"}],"wp:term":[{"taxonomy":"category","embeddable":true,"href":"https:\/\/altoo.io\/de\/wp-json\/wp\/v2\/categories?post=10471"},{"taxonomy":"post_tag","embeddable":true,"href":"https:\/\/altoo.io\/de\/wp-json\/wp\/v2\/tags?post=10471"}],"curies":[{"name":"wp","href":"https:\/\/api.w.org\/{rel}","templated":true}]}}